{"id":9622,"date":"2026-03-20T10:20:24","date_gmt":"2026-03-20T09:20:24","guid":{"rendered":"https:\/\/unidis.fr\/portail\/?p=9622"},"modified":"2026-03-20T10:33:38","modified_gmt":"2026-03-20T09:33:38","slug":"articulation-convention-dentreprise-convention-collective-papiers-et-cartons","status":"publish","type":"post","link":"https:\/\/unidis.fr\/portail\/2026\/03\/20\/articulation-convention-dentreprise-convention-collective-papiers-et-cartons\/","title":{"rendered":"Articulation convention d\u2019entreprise\/convention de branche (IDCC 3238)"},"content":{"rendered":"<section class=\"wpb-content-wrapper\"><p>[vc_row bg_type=\u00a0\u00bbbg_color\u00a0\u00bb][vc_column parallax=\u00a0\u00bbcontent-moving\u00a0\u00bb][vc_row_inner][vc_column_inner css=\u00a0\u00bb.vc_custom_1549897021118{padding-right: 80px !important;}\u00a0\u00bb][vc_separator color=\u00a0\u00bbcustom\u00a0\u00bb align=\u00a0\u00bbalign_left\u00a0\u00bb border_width=\u00a0\u00bb3&Prime; el_width=\u00a0\u00bb10&Prime; accent_color=\u00a0\u00bb#163e75&Prime;][vc_column_text]<\/p>\n<p style=\"text-align: justify;\">L\u2019Unidis est r\u00e9guli\u00e8rement sollicit\u00e9e sur l\u2019articulation convention d\u2019entreprise\/convention de branche.<\/p>\n<p style=\"text-align: justify;\">La plupart des incertitudes proviennent de la mani\u00e8re dont la doctrine pr\u00e9sente l\u2019articulation entre la convention d\u2019entreprise et la convention de branche, en la structurant autour de 3 blocs.<\/p>\n<p style=\"text-align: justify;\">Selon la doctrine majoritaire :<\/p>\n<ul style=\"text-align: justify;\">\n<li>le bloc 1 regroupe les mati\u00e8res dans lesquelles l\u2019accord de branche ou l\u2019accord interprofessionnel est imp\u00e9ratif;<\/li>\n<li>le bloc\u00a02 recense les mati\u00e8res dans lesquelles l\u2019accord de branche ou l\u2019accord interprofessionnel a un caract\u00e8re imp\u00e9ratif s\u2019il le pr\u00e9voit express\u00e9ment au moyen d\u2019une clause de verrouillage ou d\u2019imp\u00e9rativit\u00e9\u00a0;<\/li>\n<li>le bloc 3 est constitu\u00e9 des mati\u00e8res dans lesquelles l\u2019accord d\u2019entreprise pr\u00e9vaut.<\/li>\n<\/ul>\n<p style=\"text-align: justify;\"><strong>Or, cette pr\u00e9sentation est inexacte, notamment en ce qu\u2019elle sugg\u00e8re que, dans les blocs 1 et 2, une convention d\u2019entreprise ne pourrait pas d\u00e9roger \u00e0 la convention de branche.<\/strong><\/p>\n<p style=\"text-align: justify;\">C\u2019est pourquoi d\u00e8s publication de <a href=\"https:\/\/www.legifrance.gouv.fr\/loda\/id\/JORFTEXT000035607311\">l\u2019ordonnance n\u00b0 2017-1385 du 22 septembre 2017<\/a>, l\u2019Unidis a propos\u00e9 un tableau sur l\u2019articulation concr\u00e8te entre les conventions d\u2019entreprise et la convention collective de branche papiers cartons (IDCC 3238).<\/p>\n<p style=\"text-align: justify;\"><strong>Ce document vient d\u2019\u00eatre mis \u00e0 jour pour le r\u00e9duire \u00e0 un seul principe et une seule exception.<\/strong><\/p>\n<p style=\"text-align: justify;\">La deuxi\u00e8me exception a \u00e9t\u00e9 supprim\u00e9e, faute d\u2019application pratique. Pour m\u00e9moire, elle concernait les contentieux introduits avant le 1er janvier 2018, auxquels demeuraient applicables les anciennes r\u00e8gles d\u2019articulation.<\/p>\n<p>[\/vc_column_text][\/vc_column_inner][\/vc_row_inner][vc_empty_space height=\u00a0\u00bb60px\u00a0\u00bb][vc_btn title=\u00a0\u00bbVoir le tableau synoptique pr\u00e9sentant cette articulation\u00a0\u00bb style=\u00a0\u00bboutline\u00a0\u00bb color=\u00a0\u00bbprimary\u00a0\u00bb i_icon_fontawesome=\u00a0\u00bb\u00a0\u00bb add_icon=\u00a0\u00bbtrue\u00a0\u00bb link=\u00a0\u00bburl:https%3A%2F%2Funidis.fr%2Fportail%2Fdevenir-membre-de-lunidis%2F|target:_blank\u00a0\u00bb][vc_separator color=\u00a0\u00bbcustom\u00a0\u00bb align=\u00a0\u00bbalign_left\u00a0\u00bb border_width=\u00a0\u00bb3&Prime; el_width=\u00a0\u00bb10&Prime; accent_color=\u00a0\u00bb#163e75&Prime;][\/vc_column][\/vc_row][vc_row][vc_column width=\u00a0\u00bb5\/6&Prime;][vc_custom_heading text=\u00a0\u00bb\u00c0 lire aussi&#8230;\u00a0\u00bb use_theme_fonts=\u00a0\u00bbyes\u00a0\u00bb][vc_masonry_grid post_type=\u00a0\u00bbpost\u00a0\u00bb max_items=\u00a0\u00bb10&Prime; item=\u00a0\u00bb4821&Prime; grid_id=\u00a0\u00bbvc_gid:1773999202686-cbfc84a5-fb42-9&Prime; taxonomies=\u00a0\u00bb18&Prime;][\/vc_column][vc_column width=\u00a0\u00bb1\/6&Prime;][\/vc_column][\/vc_row]<\/p>\n<\/section>","protected":false},"excerpt":{"rendered":"<p>[vc_row bg_type=\u00a0\u00bbbg_color\u00a0\u00bb][vc_column parallax=\u00a0\u00bbcontent-moving\u00a0\u00bb][vc_row_inner][vc_column_inner css=\u00a0\u00bb.vc_custom_1549897021118{padding-right: 80px !important;}\u00a0\u00bb][vc_separator color=\u00a0\u00bbcustom\u00a0\u00bb align=\u00a0\u00bbalign_left\u00a0\u00bb border_width=\u00a0\u00bb3&Prime; el_width=\u00a0\u00bb10&Prime; accent_color=\u00a0\u00bb#163e75&Prime;][vc_column_text] L\u2019Unidis est r\u00e9guli\u00e8rement sollicit\u00e9e sur l\u2019articulation convention d\u2019entreprise\/convention de branche. La plupart des incertitudes proviennent de la mani\u00e8re dont la doctrine pr\u00e9sente l\u2019articulation entre la convention d\u2019entreprise et la [&#8230;]<\/p>\n","protected":false},"author":2,"featured_media":9627,"comment_status":"closed","ping_status":"open","sticky":false,"template":"","format":"standard","meta":{"_mi_skip_tracking":false,"_exactmetrics_sitenote_active":false,"_exactmetrics_sitenote_note":"","_exactmetrics_sitenote_category":0,"_monsterinsights_sitenote_active":false,"_monsterinsights_sitenote_note":"","_monsterinsights_sitenote_category":0,"footnotes":""},"categories":[18],"tags":[],"aioseo_notices":[],"_links":{"self":[{"href":"https:\/\/unidis.fr\/portail\/wp-json\/wp\/v2\/posts\/9622"}],"collection":[{"href":"https:\/\/unidis.fr\/portail\/wp-json\/wp\/v2\/posts"}],"about":[{"href":"https:\/\/unidis.fr\/portail\/wp-json\/wp\/v2\/types\/post"}],"author":[{"embeddable":true,"href":"https:\/\/unidis.fr\/portail\/wp-json\/wp\/v2\/users\/2"}],"replies":[{"embeddable":true,"href":"https:\/\/unidis.fr\/portail\/wp-json\/wp\/v2\/comments?post=9622"}],"version-history":[{"count":8,"href":"https:\/\/unidis.fr\/portail\/wp-json\/wp\/v2\/posts\/9622\/revisions"}],"predecessor-version":[{"id":9628,"href":"https:\/\/unidis.fr\/portail\/wp-json\/wp\/v2\/posts\/9622\/revisions\/9628"}],"wp:featuredmedia":[{"embeddable":true,"href":"https:\/\/unidis.fr\/portail\/wp-json\/wp\/v2\/media\/9627"}],"wp:attachment":[{"href":"https:\/\/unidis.fr\/portail\/wp-json\/wp\/v2\/media?parent=9622"}],"wp:term":[{"taxonomy":"category","embeddable":true,"href":"https:\/\/unidis.fr\/portail\/wp-json\/wp\/v2\/categories?post=9622"},{"taxonomy":"post_tag","embeddable":true,"href":"https:\/\/unidis.fr\/portail\/wp-json\/wp\/v2\/tags?post=9622"}],"curies":[{"name":"wp","href":"https:\/\/api.w.org\/{rel}","templated":true}]}}