{"id":9607,"date":"2026-03-12T09:28:36","date_gmt":"2026-03-12T08:28:36","guid":{"rendered":"https:\/\/unidis.fr\/portail\/?p=9607"},"modified":"2026-03-12T09:28:36","modified_gmt":"2026-03-12T08:28:36","slug":"convention-collective-version-papier-nouvelle-edition-2026-disponible-en-precommande-stocks-limites","status":"publish","type":"post","link":"https:\/\/unidis.fr\/portail\/2026\/03\/12\/convention-collective-version-papier-nouvelle-edition-2026-disponible-en-precommande-stocks-limites\/","title":{"rendered":"Convention collective version papier \u2013 Nouvelle \u00e9dition 2026 disponible en pr\u00e9commande (stocks limit\u00e9s)"},"content":{"rendered":"<section class=\"wpb-content-wrapper\"><p>[vc_row bg_type=\u00a0\u00bbbg_color\u00a0\u00bb][vc_column parallax=\u00a0\u00bbcontent-moving\u00a0\u00bb][vc_row_inner][vc_column_inner css=\u00a0\u00bb.vc_custom_1549897021118{padding-right: 80px !important;}\u00a0\u00bb][vc_separator color=\u00a0\u00bbcustom\u00a0\u00bb align=\u00a0\u00bbalign_left\u00a0\u00bb border_width=\u00a0\u00bb3&Prime; el_width=\u00a0\u00bb10&Prime; accent_color=\u00a0\u00bb#163e75&Prime;][vc_column_text]<\/p>\n<p style=\"text-align: justify;\">La nouvelle \u00e9dition <strong>sur support papier<\/strong> de la convention collective nationale de la production et de la transformation des papiers et cartons\u00a0du 29 janvier 2021 (IDCC 3238), <strong>sera disponible en avril 2026.<\/strong><\/p>\n<p style=\"text-align: justify;\">Cette nouvelle \u00e9dition <strong>int\u00e8gre les derni\u00e8res mises \u00e0 jour \u00e0 sa date d\u2019\u00e9dition<\/strong> et mentionne,\u00a0en italique, les dispositions non \u00e9tendues, exclusions et r\u00e9serves avec renvoi aux explications en note de bas de page. <strong>Cette version papier, permet aux entreprises de remplir leurs obligations d\u2019information et de publicit\u00e9, notamment aupr\u00e8s des repr\u00e9sentants du personnel<\/strong> (<a href=\"https:\/\/unidis.fr\/portail\/devenir-membre-de-lunidis\/\">voir toutes les obligations d\u2019information et de publicit\u00e9 sur le site extranet de l&rsquo;Unidis).<\/a><\/p>\n<p style=\"text-align: justify;\">Les stocks \u00e9tant limit\u00e9s, anticipez sa mise \u00e0 disposition et effectuez une pr\u00e9commande d\u00e8s \u00e0 pr\u00e9sent en retournant le <a href=\"https:\/\/unidis.fr\/portail\/wp-content\/uploads\/2026\/03\/Bon-de-commande-CCN-2026.docx\"><strong>bulletin de commande au lien ci-contre<\/strong><\/a> \u00e0 l\u2019attention de St\u00e9phanie Guertin (<a href=\"mailto:stephanie.guertin@unidis.fr\">stephanie.guertin@unidis.fr<\/a>).<\/p>\n<p>[\/vc_column_text][\/vc_column_inner][\/vc_row_inner][vc_empty_space height=\u00a0\u00bb60px\u00a0\u00bb][vc_btn title=\u00a0\u00bbBulletin de commande de la nouvelle convention collective papier \u00e0 jour en avril 2026&Prime; style=\u00a0\u00bboutline\u00a0\u00bb color=\u00a0\u00bbprimary\u00a0\u00bb i_icon_fontawesome=\u00a0\u00bb\u00a0\u00bb add_icon=\u00a0\u00bbtrue\u00a0\u00bb link=\u00a0\u00bburl:https%3A%2F%2Funidis.fr%2Fportail%2Fwp-content%2Fuploads%2F2026%2F03%2FBon-de-commande-CCN-2026.docx|target:_blank\u00a0\u00bb][vc_separator color=\u00a0\u00bbcustom\u00a0\u00bb align=\u00a0\u00bbalign_left\u00a0\u00bb border_width=\u00a0\u00bb3&Prime; el_width=\u00a0\u00bb10&Prime; accent_color=\u00a0\u00bb#163e75&Prime;][\/vc_column][\/vc_row][vc_row][vc_column width=\u00a0\u00bb5\/6&Prime;][vc_custom_heading text=\u00a0\u00bb\u00c0 lire aussi&#8230;\u00a0\u00bb use_theme_fonts=\u00a0\u00bbyes\u00a0\u00bb][vc_masonry_grid post_type=\u00a0\u00bbpost\u00a0\u00bb max_items=\u00a0\u00bb10&Prime; item=\u00a0\u00bb4821&Prime; grid_id=\u00a0\u00bbvc_gid:1773304028350-7183e248-2de3-4&Prime; taxonomies=\u00a0\u00bb18&Prime;][\/vc_column][vc_column width=\u00a0\u00bb1\/6&Prime;][\/vc_column][\/vc_row]<\/p>\n<\/section>","protected":false},"excerpt":{"rendered":"<p>[vc_row bg_type=\u00a0\u00bbbg_color\u00a0\u00bb][vc_column parallax=\u00a0\u00bbcontent-moving\u00a0\u00bb][vc_row_inner][vc_column_inner css=\u00a0\u00bb.vc_custom_1549897021118{padding-right: 80px !important;}\u00a0\u00bb][vc_separator color=\u00a0\u00bbcustom\u00a0\u00bb align=\u00a0\u00bbalign_left\u00a0\u00bb border_width=\u00a0\u00bb3&Prime; el_width=\u00a0\u00bb10&Prime; accent_color=\u00a0\u00bb#163e75&Prime;][vc_column_text] La nouvelle \u00e9dition sur support papier de la convention collective nationale de la production et de la transformation des papiers et cartons\u00a0du 29 janvier 2021 (IDCC 3238), sera disponible [&#8230;]<\/p>\n","protected":false},"author":2,"featured_media":9617,"comment_status":"closed","ping_status":"open","sticky":false,"template":"","format":"standard","meta":{"_mi_skip_tracking":false,"_exactmetrics_sitenote_active":false,"_exactmetrics_sitenote_note":"","_exactmetrics_sitenote_category":0,"_monsterinsights_sitenote_active":false,"_monsterinsights_sitenote_note":"","_monsterinsights_sitenote_category":0,"footnotes":""},"categories":[18],"tags":[],"aioseo_notices":[],"_links":{"self":[{"href":"https:\/\/unidis.fr\/portail\/wp-json\/wp\/v2\/posts\/9607"}],"collection":[{"href":"https:\/\/unidis.fr\/portail\/wp-json\/wp\/v2\/posts"}],"about":[{"href":"https:\/\/unidis.fr\/portail\/wp-json\/wp\/v2\/types\/post"}],"author":[{"embeddable":true,"href":"https:\/\/unidis.fr\/portail\/wp-json\/wp\/v2\/users\/2"}],"replies":[{"embeddable":true,"href":"https:\/\/unidis.fr\/portail\/wp-json\/wp\/v2\/comments?post=9607"}],"version-history":[{"count":6,"href":"https:\/\/unidis.fr\/portail\/wp-json\/wp\/v2\/posts\/9607\/revisions"}],"predecessor-version":[{"id":9618,"href":"https:\/\/unidis.fr\/portail\/wp-json\/wp\/v2\/posts\/9607\/revisions\/9618"}],"wp:featuredmedia":[{"embeddable":true,"href":"https:\/\/unidis.fr\/portail\/wp-json\/wp\/v2\/media\/9617"}],"wp:attachment":[{"href":"https:\/\/unidis.fr\/portail\/wp-json\/wp\/v2\/media?parent=9607"}],"wp:term":[{"taxonomy":"category","embeddable":true,"href":"https:\/\/unidis.fr\/portail\/wp-json\/wp\/v2\/categories?post=9607"},{"taxonomy":"post_tag","embeddable":true,"href":"https:\/\/unidis.fr\/portail\/wp-json\/wp\/v2\/tags?post=9607"}],"curies":[{"name":"wp","href":"https:\/\/api.w.org\/{rel}","templated":true}]}}