{"id":9569,"date":"2026-03-02T11:11:38","date_gmt":"2026-03-02T10:11:38","guid":{"rendered":"https:\/\/unidis.fr\/portail\/?p=9569"},"modified":"2026-03-02T11:15:29","modified_gmt":"2026-03-02T10:15:29","slug":"financement-du-dialogue-social-lancement-de-la-collecte-2026-par-lopco-2i","status":"publish","type":"post","link":"https:\/\/unidis.fr\/portail\/2026\/03\/02\/financement-du-dialogue-social-lancement-de-la-collecte-2026-par-lopco-2i\/","title":{"rendered":"Financement du dialogue social : lancement de la collecte 2026 par l\u2019OPCO 2i"},"content":{"rendered":"<section class=\"wpb-content-wrapper\"><p>[vc_row bg_type=\u00a0\u00bbbg_color\u00a0\u00bb][vc_column parallax=\u00a0\u00bbcontent-moving\u00a0\u00bb][vc_row_inner][vc_column_inner css=\u00a0\u00bb.vc_custom_1549897021118{padding-right: 80px !important;}\u00a0\u00bb][vc_separator color=\u00a0\u00bbcustom\u00a0\u00bb align=\u00a0\u00bbalign_left\u00a0\u00bb border_width=\u00a0\u00bb3&Prime; el_width=\u00a0\u00bb10&Prime; accent_color=\u00a0\u00bb#163e75&Prime;][vc_column_text]<\/p>\n<p style=\"text-align: justify;\"><strong>Comme chaque ann\u00e9e, l\u2019ensemble des entreprises relevant de la convention collective de la production et de la transformation des papiers et cartons (IDCC 3238) doivent s\u2019acquitter du versement de leur contribution conventionnelle dialogue social 2026 au titre de l&rsquo;ann\u00e9e 2025.<\/strong><\/p>\n<p style=\"text-align: justify;\">L\u2019OPCO 2i est charg\u00e9e du recouvrement de la contribution via une proc\u00e9dure de d\u00e9claration en ligne.<strong> Un premier mail d\u2019information en ce sens a \u00e9t\u00e9 adress\u00e9 aux entreprises le 11 f\u00e9vrier dernier. Pour \u00eatre \u00e0 jour de votre contribution, connectez-vous sur la plateforme <\/strong><a href=\"https:\/\/opco2i.alternataux.fr\/\"><strong>Alternataux<\/strong><\/a><strong> de l\u2019OPCO 2I et r\u00e9aliser votre d\u00e9claration. <\/strong>Les entreprises ne disposant pas encore de leurs identifiants peuvent les demander \u00e0 l\u2019adresse mail suivante\u00a0: <a href=\"mailto:daf-fonds@opco2i.fr\"><strong>daf-fonds@opco2i.fr<\/strong><\/a><strong>. <\/strong>\u00c0\u00a0l\u2019issue de votre d\u00e9claration vous pourrez effectuer un virement bancaire pour payer votre contribution.<\/p>\n<p style=\"text-align: justify;\"><strong>Nous vous rappelons que des p\u00e9nalit\u00e9s financi\u00e8res peuvent s\u2019appliquer pour tout retard de paiement.<\/strong><\/p>\n<p style=\"text-align: justify;\">Cette contribution obligatoire est int\u00e9gralement destin\u00e9e \u00e0 soutenir les actions de branche\u00a0: r\u00e9daction, n\u00e9gociations des accords de branche, information, d\u2019accompagnement social, RH et SSCT des entreprises. D\u00e8s cette ann\u00e9e, elle permettra \u00e9galement de soutenir les actions d\u2019IPC CAMPUS en faveur de la promotion des m\u00e9tiers et du d\u00e9veloppement de l\u2019apprentissage.<\/p>\n<p style=\"text-align: center;\"><a href=\"https:\/\/www.opco2i.fr\/formation-et-financement\/contribution-formation-professionnelle-et-alternance\/contributions-conventionnelles-de-branche-a-la-formation-et-au-dialogue-social\/\">Pour en savoir plus, voir le site de l&rsquo;Opco2i au lien ci-contre<\/a><\/p>\n<p>[\/vc_column_text][\/vc_column_inner][\/vc_row_inner][vc_empty_space height=\u00a0\u00bb60px\u00a0\u00bb][vc_btn title=\u00a0\u00bbVoir la suite de l&rsquo;article (Extranet de l&rsquo;Unidis)\u00a0\u00bb style=\u00a0\u00bboutline\u00a0\u00bb color=\u00a0\u00bbprimary\u00a0\u00bb i_icon_fontawesome=\u00a0\u00bb\u00a0\u00bb add_icon=\u00a0\u00bbtrue\u00a0\u00bb link=\u00a0\u00bburl:https%3A%2F%2Funidis.fr%2Fportail%2Fdevenir-membre-de-lunidis%2F|target:_blank\u00a0\u00bb][vc_separator color=\u00a0\u00bbcustom\u00a0\u00bb align=\u00a0\u00bbalign_left\u00a0\u00bb border_width=\u00a0\u00bb3&Prime; el_width=\u00a0\u00bb10&Prime; accent_color=\u00a0\u00bb#163e75&Prime;][\/vc_column][\/vc_row][vc_row][vc_column width=\u00a0\u00bb5\/6&Prime;][vc_custom_heading text=\u00a0\u00bb\u00c0 lire aussi&#8230;\u00a0\u00bb use_theme_fonts=\u00a0\u00bbyes\u00a0\u00bb][vc_masonry_grid post_type=\u00a0\u00bbpost\u00a0\u00bb max_items=\u00a0\u00bb10&Prime; item=\u00a0\u00bb4821&Prime; grid_id=\u00a0\u00bbvc_gid:1772445929054-c9bd500c-3ec9-0&Prime; taxonomies=\u00a0\u00bb18&Prime;][\/vc_column][vc_column width=\u00a0\u00bb1\/6&Prime;][\/vc_column][\/vc_row]<\/p>\n<\/section>","protected":false},"excerpt":{"rendered":"<p>[vc_row bg_type=\u00a0\u00bbbg_color\u00a0\u00bb][vc_column parallax=\u00a0\u00bbcontent-moving\u00a0\u00bb][vc_row_inner][vc_column_inner css=\u00a0\u00bb.vc_custom_1549897021118{padding-right: 80px !important;}\u00a0\u00bb][vc_separator color=\u00a0\u00bbcustom\u00a0\u00bb align=\u00a0\u00bbalign_left\u00a0\u00bb border_width=\u00a0\u00bb3&Prime; el_width=\u00a0\u00bb10&Prime; accent_color=\u00a0\u00bb#163e75&Prime;][vc_column_text] Comme chaque ann\u00e9e, l\u2019ensemble des entreprises relevant de la convention collective de la production et de la transformation des papiers et cartons (IDCC 3238) doivent s\u2019acquitter du versement de [&#8230;]<\/p>\n","protected":false},"author":2,"featured_media":6412,"comment_status":"closed","ping_status":"open","sticky":false,"template":"","format":"standard","meta":{"_mi_skip_tracking":false,"_exactmetrics_sitenote_active":false,"_exactmetrics_sitenote_note":"","_exactmetrics_sitenote_category":0,"_monsterinsights_sitenote_active":false,"_monsterinsights_sitenote_note":"","_monsterinsights_sitenote_category":0,"footnotes":""},"categories":[18],"tags":[],"aioseo_notices":[],"_links":{"self":[{"href":"https:\/\/unidis.fr\/portail\/wp-json\/wp\/v2\/posts\/9569"}],"collection":[{"href":"https:\/\/unidis.fr\/portail\/wp-json\/wp\/v2\/posts"}],"about":[{"href":"https:\/\/unidis.fr\/portail\/wp-json\/wp\/v2\/types\/post"}],"author":[{"embeddable":true,"href":"https:\/\/unidis.fr\/portail\/wp-json\/wp\/v2\/users\/2"}],"replies":[{"embeddable":true,"href":"https:\/\/unidis.fr\/portail\/wp-json\/wp\/v2\/comments?post=9569"}],"version-history":[{"count":5,"href":"https:\/\/unidis.fr\/portail\/wp-json\/wp\/v2\/posts\/9569\/revisions"}],"predecessor-version":[{"id":9578,"href":"https:\/\/unidis.fr\/portail\/wp-json\/wp\/v2\/posts\/9569\/revisions\/9578"}],"wp:featuredmedia":[{"embeddable":true,"href":"https:\/\/unidis.fr\/portail\/wp-json\/wp\/v2\/media\/6412"}],"wp:attachment":[{"href":"https:\/\/unidis.fr\/portail\/wp-json\/wp\/v2\/media?parent=9569"}],"wp:term":[{"taxonomy":"category","embeddable":true,"href":"https:\/\/unidis.fr\/portail\/wp-json\/wp\/v2\/categories?post=9569"},{"taxonomy":"post_tag","embeddable":true,"href":"https:\/\/unidis.fr\/portail\/wp-json\/wp\/v2\/tags?post=9569"}],"curies":[{"name":"wp","href":"https:\/\/api.w.org\/{rel}","templated":true}]}}