{"id":9541,"date":"2026-02-23T12:55:23","date_gmt":"2026-02-23T11:55:23","guid":{"rendered":"https:\/\/unidis.fr\/portail\/?p=9541"},"modified":"2026-02-23T14:51:20","modified_gmt":"2026-02-23T13:51:20","slug":"minima-conventionnels-de-branche-2026","status":"publish","type":"post","link":"https:\/\/unidis.fr\/portail\/2026\/02\/23\/minima-conventionnels-de-branche-2026\/","title":{"rendered":"Signature des avenants sur les minima conventionnels 2026"},"content":{"rendered":"<section class=\"wpb-content-wrapper\"><p>[vc_row bg_type=\u00a0\u00bbbg_color\u00a0\u00bb][vc_column parallax=\u00a0\u00bbcontent-moving\u00a0\u00bb][vc_row_inner][vc_column_inner css=\u00a0\u00bb.vc_custom_1549897021118{padding-right: 80px !important;}\u00a0\u00bb][vc_separator color=\u00a0\u00bbcustom\u00a0\u00bb align=\u00a0\u00bbalign_left\u00a0\u00bb border_width=\u00a0\u00bb3&Prime; el_width=\u00a0\u00bb10&Prime; accent_color=\u00a0\u00bb#163e75&Prime;][vc_column_text]<\/p>\n<p style=\"text-align: justify;\">Dans le cadre de la commission paritaire de n\u00e9gociation du 30 janvier dernier, les partenaires sociaux ont trouv\u00e9 un accord portant revalorisation des r\u00e9mun\u00e9rations et primes applicable r\u00e9troactivement au 1er janvier 2026.<\/p>\n<p style=\"text-align: justify;\">Voici en synth\u00e8se le r\u00e9sultat des n\u00e9gociations :<\/p>\n<ul style=\"text-align: justify;\">\n<li>Pour les OETAM : +1 % sur l\u2019ensemble des coefficients ;<\/li>\n<li>Pour les primes : +1 % sur l\u2019ensemble des primes ;<\/li>\n<li>Pour les IC :\u00a0Une nouvelle gradation de la grille de r\u00e9mun\u00e9ration est instaur\u00e9e afin de rendre plus attractifs les m\u00e9tiers aupr\u00e8s des cadres d\u00e9butants avec une revalorisation significative des r\u00e9mun\u00e9rations et une augmentation automatique d\u00e8s la 1\u00e8re ann\u00e9e au lieu de deux.<\/li>\n<\/ul>\n<p style=\"text-align: justify;\">Par ailleurs, l&rsquo;\u00e9cart de r\u00e9mun\u00e9ration entre le niveau d\u00e9butant et le niveau A a \u00e9t\u00e9 r\u00e9duit par la cr\u00e9ation d&rsquo;un niveau interm\u00e9diaire (avec une dur\u00e9e maximale de 3 ans).<\/p>\n<p style=\"text-align: justify;\">Enfin, les niveaux A, B et C ont \u00e9t\u00e9 revaloris\u00e9s \u00e0 hauteur de 1 %.<\/p>\n<p style=\"text-align: justify;\">L&rsquo;Unidis se f\u00e9licite de cet accord en phase avec la r\u00e9alit\u00e9 \u00e9conomique et sociale des entreprises de l&rsquo;Industrie Papier Carton.<\/p>\n<p>[\/vc_column_text][vc_btn title=\u00a0\u00bbVoir les minima conventionnels de branche 2026 (Extranet de l&rsquo;Unidis)\u00a0\u00bb style=\u00a0\u00bboutline\u00a0\u00bb color=\u00a0\u00bbprimary\u00a0\u00bb i_icon_fontawesome=\u00a0\u00bb\u00a0\u00bb add_icon=\u00a0\u00bbtrue\u00a0\u00bb link=\u00a0\u00bburl:https%3A%2F%2Funidis.fr%2Fportail%2Fdevenir-membre-de-lunidis%2F|target:_blank\u00a0\u00bb][\/vc_column_inner][\/vc_row_inner][vc_empty_space height=\u00a0\u00bb60px\u00a0\u00bb][vc_separator color=\u00a0\u00bbcustom\u00a0\u00bb align=\u00a0\u00bbalign_left\u00a0\u00bb border_width=\u00a0\u00bb3&Prime; el_width=\u00a0\u00bb10&Prime; accent_color=\u00a0\u00bb#163e75&Prime;][\/vc_column][\/vc_row][vc_row][vc_column width=\u00a0\u00bb5\/6&Prime;][vc_custom_heading text=\u00a0\u00bb\u00c0 lire aussi&#8230;\u00a0\u00bb use_theme_fonts=\u00a0\u00bbyes\u00a0\u00bb][vc_masonry_grid post_type=\u00a0\u00bbpost\u00a0\u00bb max_items=\u00a0\u00bb10&Prime; item=\u00a0\u00bb4821&Prime; grid_id=\u00a0\u00bbvc_gid:1771854607061-f0d9616b-3848-7&Prime; taxonomies=\u00a0\u00bb18&Prime;][\/vc_column][vc_column width=\u00a0\u00bb1\/6&Prime;][\/vc_column][\/vc_row]<\/p>\n<\/section>","protected":false},"excerpt":{"rendered":"<p>[vc_row bg_type=\u00a0\u00bbbg_color\u00a0\u00bb][vc_column parallax=\u00a0\u00bbcontent-moving\u00a0\u00bb][vc_row_inner][vc_column_inner css=\u00a0\u00bb.vc_custom_1549897021118{padding-right: 80px !important;}\u00a0\u00bb][vc_separator color=\u00a0\u00bbcustom\u00a0\u00bb align=\u00a0\u00bbalign_left\u00a0\u00bb border_width=\u00a0\u00bb3&Prime; el_width=\u00a0\u00bb10&Prime; accent_color=\u00a0\u00bb#163e75&Prime;][vc_column_text] Dans le cadre de la commission paritaire de n\u00e9gociation du 30 janvier dernier, les partenaires sociaux ont trouv\u00e9 un accord portant revalorisation des r\u00e9mun\u00e9rations et primes applicable r\u00e9troactivement au [&#8230;]<\/p>\n","protected":false},"author":2,"featured_media":4846,"comment_status":"closed","ping_status":"open","sticky":false,"template":"","format":"standard","meta":{"_mi_skip_tracking":false,"_exactmetrics_sitenote_active":false,"_exactmetrics_sitenote_note":"","_exactmetrics_sitenote_category":0,"_monsterinsights_sitenote_active":false,"_monsterinsights_sitenote_note":"","_monsterinsights_sitenote_category":0,"footnotes":""},"categories":[18],"tags":[],"aioseo_notices":[],"_links":{"self":[{"href":"https:\/\/unidis.fr\/portail\/wp-json\/wp\/v2\/posts\/9541"}],"collection":[{"href":"https:\/\/unidis.fr\/portail\/wp-json\/wp\/v2\/posts"}],"about":[{"href":"https:\/\/unidis.fr\/portail\/wp-json\/wp\/v2\/types\/post"}],"author":[{"embeddable":true,"href":"https:\/\/unidis.fr\/portail\/wp-json\/wp\/v2\/users\/2"}],"replies":[{"embeddable":true,"href":"https:\/\/unidis.fr\/portail\/wp-json\/wp\/v2\/comments?post=9541"}],"version-history":[{"count":7,"href":"https:\/\/unidis.fr\/portail\/wp-json\/wp\/v2\/posts\/9541\/revisions"}],"predecessor-version":[{"id":9561,"href":"https:\/\/unidis.fr\/portail\/wp-json\/wp\/v2\/posts\/9541\/revisions\/9561"}],"wp:featuredmedia":[{"embeddable":true,"href":"https:\/\/unidis.fr\/portail\/wp-json\/wp\/v2\/media\/4846"}],"wp:attachment":[{"href":"https:\/\/unidis.fr\/portail\/wp-json\/wp\/v2\/media?parent=9541"}],"wp:term":[{"taxonomy":"category","embeddable":true,"href":"https:\/\/unidis.fr\/portail\/wp-json\/wp\/v2\/categories?post=9541"},{"taxonomy":"post_tag","embeddable":true,"href":"https:\/\/unidis.fr\/portail\/wp-json\/wp\/v2\/tags?post=9541"}],"curies":[{"name":"wp","href":"https:\/\/api.w.org\/{rel}","templated":true}]}}