{"id":9524,"date":"2026-02-06T16:49:40","date_gmt":"2026-02-06T15:49:40","guid":{"rendered":"https:\/\/unidis.fr\/portail\/?p=9524"},"modified":"2026-02-06T17:05:02","modified_gmt":"2026-02-06T16:05:02","slug":"lentretien-de-parcours-professionnel-trame-dentretien-et-questions-reponses","status":"publish","type":"post","link":"https:\/\/unidis.fr\/portail\/2026\/02\/06\/lentretien-de-parcours-professionnel-trame-dentretien-et-questions-reponses\/","title":{"rendered":"L\u2019entretien de parcours professionnel : trame d\u2019entretien et questions-r\u00e9ponses"},"content":{"rendered":"<section class=\"wpb-content-wrapper\"><p>[vc_row bg_type=\u00a0\u00bbbg_color\u00a0\u00bb][vc_column parallax=\u00a0\u00bbcontent-moving\u00a0\u00bb][vc_row_inner][vc_column_inner css=\u00a0\u00bb.vc_custom_1549897021118{padding-right: 80px !important;}\u00a0\u00bb][vc_separator color=\u00a0\u00bbcustom\u00a0\u00bb align=\u00a0\u00bbalign_left\u00a0\u00bb border_width=\u00a0\u00bb3&Prime; el_width=\u00a0\u00bb10&Prime; accent_color=\u00a0\u00bb#163e75&Prime;][vc_column_text]<\/p>\n<p style=\"text-align: justify;\"><a href=\"https:\/\/www.legifrance.gouv.fr\/jorf\/id\/JORFTEXT000052430940\">La loi n\u00b0 2025-989 du 24 octobre 2025<\/a>\u00a0remplace\u00a0l\u2019entretien professionnel\u00a0par l\u2019entretien de parcours professionnel (EPP).<\/p>\n<p style=\"text-align: justify;\">Les r\u00e8gles r\u00e9gissant l\u2019EPP \u00e9tant diss\u00e9min\u00e9es dans le Code du travail, l\u2019Unidis propose de les rassembler dans\u00a0<strong>une trame d\u2019EPP t\u00e9l\u00e9chargeable<\/strong>, compl\u00e9t\u00e9e par un\u00a0<strong>questions-r\u00e9ponses<\/strong>.<\/p>\n<ul>\n<li style=\"text-align: justify;\">\u00c0 quelle date l\u2019EPP remplace l\u2019entretien professionnel ?<\/li>\n<li style=\"text-align: justify;\">Quels organismes peuvent d\u00e9livrer des conseils pour pr\u00e9parer cet entretien ?<\/li>\n<li style=\"text-align: justify;\">Est-il possible de d\u00e9roger aux r\u00e8gles l\u00e9gales de l\u2019EPP ?<\/li>\n<li style=\"text-align: justify;\">Quelles sont les obligations d\u2019information des salari\u00e9s ?<\/li>\n<li style=\"text-align: justify;\">Quelles sont les obligations d\u2019information et de consultation du CSE ?<\/li>\n<li style=\"text-align: justify;\">Quelle est sa p\u00e9riodicit\u00e9 ?<\/li>\n<li style=\"text-align: justify;\">Quel est son contenu de base et sa forme ?<\/li>\n<li style=\"text-align: justify;\">Quels sont les th\u00e8mes suppl\u00e9mentaires lors de certains \u00e9v\u00e9nements ?<\/li>\n<li style=\"text-align: justify;\">Quel est l\u2019interlocuteur du salari\u00e9 ?<\/li>\n<li style=\"text-align: justify;\">Doit-il se d\u00e9rouler sur le temps de travail ?<\/li>\n<li style=\"text-align: justify;\">Quelles sont les sanctions applicables ?<\/li>\n<\/ul>\n<p>[\/vc_column_text][vc_btn title=\u00a0\u00bbVoir la trame et le questions-r\u00e9ponses (Extranet de l&rsquo;Unidis)\u00a0\u00bb style=\u00a0\u00bboutline\u00a0\u00bb color=\u00a0\u00bbprimary\u00a0\u00bb i_icon_fontawesome=\u00a0\u00bb\u00a0\u00bb add_icon=\u00a0\u00bbtrue\u00a0\u00bb link=\u00a0\u00bburl:https%3A%2F%2Funidis.fr%2Fportail%2Fdevenir-membre-de-lunidis%2F||target:%20_blank|\u00a0\u00bb][\/vc_column_inner][\/vc_row_inner][vc_empty_space height=\u00a0\u00bb60px\u00a0\u00bb][vc_separator color=\u00a0\u00bbcustom\u00a0\u00bb align=\u00a0\u00bbalign_left\u00a0\u00bb border_width=\u00a0\u00bb3&Prime; el_width=\u00a0\u00bb10&Prime; accent_color=\u00a0\u00bb#163e75&Prime;][\/vc_column][\/vc_row][vc_row][vc_column width=\u00a0\u00bb5\/6&Prime;][vc_custom_heading text=\u00a0\u00bb\u00c0 lire aussi&#8230;\u00a0\u00bb use_theme_fonts=\u00a0\u00bbyes\u00a0\u00bb][vc_masonry_grid post_type=\u00a0\u00bbpost\u00a0\u00bb max_items=\u00a0\u00bb10&Prime; item=\u00a0\u00bb4821&Prime; grid_id=\u00a0\u00bbvc_gid:1770393891202-a67a0aec-5950-3&Prime; taxonomies=\u00a0\u00bb18&Prime;][\/vc_column][vc_column width=\u00a0\u00bb1\/6&Prime;][\/vc_column][\/vc_row]<\/p>\n<\/section>","protected":false},"excerpt":{"rendered":"<p>[vc_row bg_type=\u00a0\u00bbbg_color\u00a0\u00bb][vc_column parallax=\u00a0\u00bbcontent-moving\u00a0\u00bb][vc_row_inner][vc_column_inner css=\u00a0\u00bb.vc_custom_1549897021118{padding-right: 80px !important;}\u00a0\u00bb][vc_separator color=\u00a0\u00bbcustom\u00a0\u00bb align=\u00a0\u00bbalign_left\u00a0\u00bb border_width=\u00a0\u00bb3&Prime; el_width=\u00a0\u00bb10&Prime; accent_color=\u00a0\u00bb#163e75&Prime;][vc_column_text] La loi n\u00b0 2025-989 du 24 octobre 2025\u00a0remplace\u00a0l\u2019entretien professionnel\u00a0par l\u2019entretien de parcours professionnel (EPP). Les r\u00e8gles r\u00e9gissant l\u2019EPP \u00e9tant diss\u00e9min\u00e9es dans le Code du travail, l\u2019Unidis propose de les [&#8230;]<\/p>\n","protected":false},"author":2,"featured_media":7674,"comment_status":"closed","ping_status":"open","sticky":false,"template":"","format":"standard","meta":{"_mi_skip_tracking":false,"_exactmetrics_sitenote_active":false,"_exactmetrics_sitenote_note":"","_exactmetrics_sitenote_category":0,"_monsterinsights_sitenote_active":false,"_monsterinsights_sitenote_note":"","_monsterinsights_sitenote_category":0,"footnotes":""},"categories":[18],"tags":[],"aioseo_notices":[],"_links":{"self":[{"href":"https:\/\/unidis.fr\/portail\/wp-json\/wp\/v2\/posts\/9524"}],"collection":[{"href":"https:\/\/unidis.fr\/portail\/wp-json\/wp\/v2\/posts"}],"about":[{"href":"https:\/\/unidis.fr\/portail\/wp-json\/wp\/v2\/types\/post"}],"author":[{"embeddable":true,"href":"https:\/\/unidis.fr\/portail\/wp-json\/wp\/v2\/users\/2"}],"replies":[{"embeddable":true,"href":"https:\/\/unidis.fr\/portail\/wp-json\/wp\/v2\/comments?post=9524"}],"version-history":[{"count":5,"href":"https:\/\/unidis.fr\/portail\/wp-json\/wp\/v2\/posts\/9524\/revisions"}],"predecessor-version":[{"id":9529,"href":"https:\/\/unidis.fr\/portail\/wp-json\/wp\/v2\/posts\/9524\/revisions\/9529"}],"wp:featuredmedia":[{"embeddable":true,"href":"https:\/\/unidis.fr\/portail\/wp-json\/wp\/v2\/media\/7674"}],"wp:attachment":[{"href":"https:\/\/unidis.fr\/portail\/wp-json\/wp\/v2\/media?parent=9524"}],"wp:term":[{"taxonomy":"category","embeddable":true,"href":"https:\/\/unidis.fr\/portail\/wp-json\/wp\/v2\/categories?post=9524"},{"taxonomy":"post_tag","embeddable":true,"href":"https:\/\/unidis.fr\/portail\/wp-json\/wp\/v2\/tags?post=9524"}],"curies":[{"name":"wp","href":"https:\/\/api.w.org\/{rel}","templated":true}]}}