{"id":9517,"date":"2026-01-27T10:20:43","date_gmt":"2026-01-27T09:20:43","guid":{"rendered":"https:\/\/unidis.fr\/portail\/?p=9517"},"modified":"2026-01-27T10:20:43","modified_gmt":"2026-01-27T09:20:43","slug":"rapport-annuel-en-matiere-de-sante-de-securite-et-des-conditions-de-travail-questions-reponses","status":"publish","type":"post","link":"https:\/\/unidis.fr\/portail\/2026\/01\/27\/rapport-annuel-en-matiere-de-sante-de-securite-et-des-conditions-de-travail-questions-reponses\/","title":{"rendered":"Rapport annuel en mati\u00e8re de sant\u00e9, de s\u00e9curit\u00e9 et des conditions de travail : questions-r\u00e9ponses"},"content":{"rendered":"<section class=\"wpb-content-wrapper\"><p>[vc_row bg_type=\u00a0\u00bbbg_color\u00a0\u00bb][vc_column parallax=\u00a0\u00bbcontent-moving\u00a0\u00bb][vc_row_inner][vc_column_inner css=\u00a0\u00bb.vc_custom_1549897021118{padding-right: 80px !important;}\u00a0\u00bb][vc_separator color=\u00a0\u00bbcustom\u00a0\u00bb align=\u00a0\u00bbalign_left\u00a0\u00bb border_width=\u00a0\u00bb3&Prime; el_width=\u00a0\u00bb10&Prime; accent_color=\u00a0\u00bb#163e75&Prime;][vc_column_text]<\/p>\n<p class=\"xxxxxxxmsonormal\" style=\"text-align: justify;\">Chaque ann\u00e9e certaines entreprises peuvent avoir \u00e0 r\u00e9aliser un rapport annuel en mati\u00e8re de sant\u00e9, de s\u00e9curit\u00e9 et des conditions de travail \u00e0 pr\u00e9senter \u00e0 son Comit\u00e9 Social et \u00c9conomique (CSE).<\/p>\n<p style=\"text-align: justify;\">Pour accompagner les entreprises dans cette d\u00e9marche, l\u2019Unidis met \u00e0 disposition de ses adh\u00e9rents un mod\u00e8le de rapport annuel, ainsi que le questions-r\u00e9ponses suivant :<\/p>\n<ul>\n<li style=\"text-align: justify;\">Quelles entreprises ont l\u2019obligation de r\u00e9aliser un rapport annuel ?<\/li>\n<li style=\"text-align: justify;\">Quel est son contenu ?<\/li>\n<li style=\"text-align: justify;\">Avec qui \u00e9laborer ce rapport ?<\/li>\n<li style=\"text-align: justify;\">Comment r\u00e9aliser le rapport annuel ?<\/li>\n<li style=\"text-align: justify;\">Combien de temps et sous quelle forme doit-il \u00eatre conserv\u00e9 ?<\/li>\n<li style=\"text-align: justify;\">Qui peut avoir acc\u00e8s au rapport annuel ?<\/li>\n<li style=\"text-align: justify;\">Quelles sont les sanctions potentielles ?<\/li>\n<\/ul>\n<p>[\/vc_column_text][vc_btn title=\u00a0\u00bbVoir le mod\u00e8le de rapport annuel\u00a0\u00bb style=\u00a0\u00bboutline\u00a0\u00bb color=\u00a0\u00bbprimary\u00a0\u00bb i_icon_fontawesome=\u00a0\u00bb\u00a0\u00bb add_icon=\u00a0\u00bbtrue\u00a0\u00bb link=\u00a0\u00bburl:https%3A%2F%2Funidis.fr%2Fportail%2Fdevenir-membre-de-lunidis%2F|target:_blank\u00a0\u00bb][\/vc_column_inner][\/vc_row_inner][vc_empty_space height=\u00a0\u00bb60px\u00a0\u00bb][vc_separator color=\u00a0\u00bbcustom\u00a0\u00bb align=\u00a0\u00bbalign_left\u00a0\u00bb border_width=\u00a0\u00bb3&Prime; el_width=\u00a0\u00bb10&Prime; accent_color=\u00a0\u00bb#163e75&Prime;][\/vc_column][\/vc_row][vc_row][vc_column width=\u00a0\u00bb5\/6&Prime;][vc_custom_heading text=\u00a0\u00bb\u00c0 lire aussi&#8230;\u00a0\u00bb use_theme_fonts=\u00a0\u00bbyes\u00a0\u00bb][vc_masonry_grid post_type=\u00a0\u00bbpost\u00a0\u00bb max_items=\u00a0\u00bb10&Prime; item=\u00a0\u00bb4821&Prime; grid_id=\u00a0\u00bbvc_gid:1769505495852-218c3311-b3ff-2&Prime; taxonomies=\u00a0\u00bb18&Prime;][\/vc_column][vc_column width=\u00a0\u00bb1\/6&Prime;][\/vc_column][\/vc_row]<\/p>\n<\/section>","protected":false},"excerpt":{"rendered":"<p>[vc_row bg_type=\u00a0\u00bbbg_color\u00a0\u00bb][vc_column parallax=\u00a0\u00bbcontent-moving\u00a0\u00bb][vc_row_inner][vc_column_inner css=\u00a0\u00bb.vc_custom_1549897021118{padding-right: 80px !important;}\u00a0\u00bb][vc_separator color=\u00a0\u00bbcustom\u00a0\u00bb align=\u00a0\u00bbalign_left\u00a0\u00bb border_width=\u00a0\u00bb3&Prime; el_width=\u00a0\u00bb10&Prime; accent_color=\u00a0\u00bb#163e75&Prime;][vc_column_text] Chaque ann\u00e9e certaines entreprises peuvent avoir \u00e0 r\u00e9aliser un rapport annuel en mati\u00e8re de sant\u00e9, de s\u00e9curit\u00e9 et des conditions de travail \u00e0 pr\u00e9senter \u00e0 son Comit\u00e9 Social et [&#8230;]<\/p>\n","protected":false},"author":2,"featured_media":7094,"comment_status":"closed","ping_status":"open","sticky":false,"template":"","format":"standard","meta":{"_mi_skip_tracking":false,"_exactmetrics_sitenote_active":false,"_exactmetrics_sitenote_note":"","_exactmetrics_sitenote_category":0,"_monsterinsights_sitenote_active":false,"_monsterinsights_sitenote_note":"","_monsterinsights_sitenote_category":0,"footnotes":""},"categories":[18],"tags":[],"aioseo_notices":[],"_links":{"self":[{"href":"https:\/\/unidis.fr\/portail\/wp-json\/wp\/v2\/posts\/9517"}],"collection":[{"href":"https:\/\/unidis.fr\/portail\/wp-json\/wp\/v2\/posts"}],"about":[{"href":"https:\/\/unidis.fr\/portail\/wp-json\/wp\/v2\/types\/post"}],"author":[{"embeddable":true,"href":"https:\/\/unidis.fr\/portail\/wp-json\/wp\/v2\/users\/2"}],"replies":[{"embeddable":true,"href":"https:\/\/unidis.fr\/portail\/wp-json\/wp\/v2\/comments?post=9517"}],"version-history":[{"count":1,"href":"https:\/\/unidis.fr\/portail\/wp-json\/wp\/v2\/posts\/9517\/revisions"}],"predecessor-version":[{"id":9518,"href":"https:\/\/unidis.fr\/portail\/wp-json\/wp\/v2\/posts\/9517\/revisions\/9518"}],"wp:featuredmedia":[{"embeddable":true,"href":"https:\/\/unidis.fr\/portail\/wp-json\/wp\/v2\/media\/7094"}],"wp:attachment":[{"href":"https:\/\/unidis.fr\/portail\/wp-json\/wp\/v2\/media?parent=9517"}],"wp:term":[{"taxonomy":"category","embeddable":true,"href":"https:\/\/unidis.fr\/portail\/wp-json\/wp\/v2\/categories?post=9517"},{"taxonomy":"post_tag","embeddable":true,"href":"https:\/\/unidis.fr\/portail\/wp-json\/wp\/v2\/tags?post=9517"}],"curies":[{"name":"wp","href":"https:\/\/api.w.org\/{rel}","templated":true}]}}