{"id":9286,"date":"2025-11-25T09:36:35","date_gmt":"2025-11-25T08:36:35","guid":{"rendered":"https:\/\/unidis.fr\/portail\/?p=9286"},"modified":"2025-11-25T09:36:35","modified_gmt":"2025-11-25T08:36:35","slug":"apld-r-chronologie-de-mise-en-place-et-calcul-de-lindemnisation-des-salaries","status":"publish","type":"post","link":"https:\/\/unidis.fr\/portail\/2025\/11\/25\/apld-r-chronologie-de-mise-en-place-et-calcul-de-lindemnisation-des-salaries\/","title":{"rendered":"APLD-R : chronologie de mise en place et calcul de l\u2019indemnisation des salari\u00e9s"},"content":{"rendered":"<section class=\"wpb-content-wrapper\"><p>[vc_row bg_type=\u00a0\u00bbbg_color\u00a0\u00bb][vc_column parallax=\u00a0\u00bbcontent-moving\u00a0\u00bb][vc_row_inner][vc_column_inner css=\u00a0\u00bb.vc_custom_1549897021118{padding-right: 80px !important;}\u00a0\u00bb][vc_separator color=\u00a0\u00bbcustom\u00a0\u00bb align=\u00a0\u00bbalign_left\u00a0\u00bb border_width=\u00a0\u00bb3&Prime; el_width=\u00a0\u00bb10&Prime; accent_color=\u00a0\u00bb#163e75&Prime;][vc_column_text]<\/p>\n<p style=\"text-align: justify;\">Pour rappel (<a href=\"https:\/\/unidis.fr\/portail\/2025\/10\/10\/extension-de-laccord-de-branche-relatif-a-lactivite-partielle-de-longue-duree-rebond-apld-rebond-ou-apld-r\/\">voir article initial<\/a>), l\u2019Unidis a conclu un accord de branche sur l\u2019APLD-R, <strong>applicable jusqu\u2019au 28 f\u00e9vrier 2026<\/strong>.<\/p>\n<p style=\"text-align: justify;\">Le <a href=\"https:\/\/travail-emploi.gouv.fr\/lactivite-partielle-de-longue-duree-rebond-apld-r-questions-reponses-destination-des-entreprises\">questions-r\u00e9ponses du minist\u00e8re<\/a> reste la r\u00e9f\u00e9rence la plus compl\u00e8te sur le sujet, mais plusieurs entreprises adh\u00e9rentes ont soulign\u00e9 qu\u2019il ne traite pas clairement de deux points essentiels. <strong>C\u2019est pourquoi l\u2019Unidis propose d\u2019apporter des \u00e9l\u00e9ments de r\u00e9ponse \u00e0 ces questions r\u00e9currentes :<\/strong><\/p>\n<ul>\n<li style=\"text-align: justify;\">Quelle est la chronologie de mise en place de l\u2019APLD-R sur le fondement de l\u2019accord de branche ?<\/li>\n<li style=\"text-align: justify;\">Comment se calcule concr\u00e8tement l\u2019indemnisation du salari\u00e9 ?<\/li>\n<\/ul>\n<p>[\/vc_column_text][vc_btn title=\u00a0\u00bbAdh\u00e9rer \u00e0 l&rsquo;Unidis\u00a0\u00bb style=\u00a0\u00bboutline\u00a0\u00bb color=\u00a0\u00bbprimary\u00a0\u00bb i_icon_fontawesome=\u00a0\u00bb\u00a0\u00bb add_icon=\u00a0\u00bbtrue\u00a0\u00bb link=\u00a0\u00bburl:https%3A%2F%2Funidis.fr%2Fportail%2Fdevenir-membre-de-lunidis%2F|target:_blank\u00a0\u00bb][\/vc_column_inner][\/vc_row_inner][vc_empty_space height=\u00a0\u00bb60px\u00a0\u00bb][vc_separator color=\u00a0\u00bbcustom\u00a0\u00bb align=\u00a0\u00bbalign_left\u00a0\u00bb border_width=\u00a0\u00bb3&Prime; el_width=\u00a0\u00bb10&Prime; accent_color=\u00a0\u00bb#163e75&Prime;][\/vc_column][\/vc_row][vc_row][vc_column width=\u00a0\u00bb5\/6&Prime;][vc_custom_heading text=\u00a0\u00bb\u00c0 lire aussi&#8230;\u00a0\u00bb use_theme_fonts=\u00a0\u00bbyes\u00a0\u00bb][vc_masonry_grid post_type=\u00a0\u00bbpost\u00a0\u00bb max_items=\u00a0\u00bb10&Prime; item=\u00a0\u00bb4821&Prime; grid_id=\u00a0\u00bbvc_gid:1764059699354-f502d5a3-6da0-1&Prime; taxonomies=\u00a0\u00bb18&Prime;][\/vc_column][vc_column width=\u00a0\u00bb1\/6&Prime;][\/vc_column][\/vc_row]<\/p>\n<\/section>","protected":false},"excerpt":{"rendered":"<p>[vc_row bg_type=\u00a0\u00bbbg_color\u00a0\u00bb][vc_column parallax=\u00a0\u00bbcontent-moving\u00a0\u00bb][vc_row_inner][vc_column_inner css=\u00a0\u00bb.vc_custom_1549897021118{padding-right: 80px !important;}\u00a0\u00bb][vc_separator color=\u00a0\u00bbcustom\u00a0\u00bb align=\u00a0\u00bbalign_left\u00a0\u00bb border_width=\u00a0\u00bb3&Prime; el_width=\u00a0\u00bb10&Prime; accent_color=\u00a0\u00bb#163e75&Prime;][vc_column_text] Pour rappel (voir article initial), l\u2019Unidis a conclu un accord de branche sur l\u2019APLD-R, applicable jusqu\u2019au 28 f\u00e9vrier 2026. Le questions-r\u00e9ponses du minist\u00e8re reste la r\u00e9f\u00e9rence la plus compl\u00e8te [&#8230;]<\/p>\n","protected":false},"author":2,"featured_media":4848,"comment_status":"closed","ping_status":"open","sticky":false,"template":"","format":"standard","meta":{"_mi_skip_tracking":false,"_exactmetrics_sitenote_active":false,"_exactmetrics_sitenote_note":"","_exactmetrics_sitenote_category":0,"_monsterinsights_sitenote_active":false,"_monsterinsights_sitenote_note":"","_monsterinsights_sitenote_category":0,"footnotes":""},"categories":[18],"tags":[],"aioseo_notices":[],"_links":{"self":[{"href":"https:\/\/unidis.fr\/portail\/wp-json\/wp\/v2\/posts\/9286"}],"collection":[{"href":"https:\/\/unidis.fr\/portail\/wp-json\/wp\/v2\/posts"}],"about":[{"href":"https:\/\/unidis.fr\/portail\/wp-json\/wp\/v2\/types\/post"}],"author":[{"embeddable":true,"href":"https:\/\/unidis.fr\/portail\/wp-json\/wp\/v2\/users\/2"}],"replies":[{"embeddable":true,"href":"https:\/\/unidis.fr\/portail\/wp-json\/wp\/v2\/comments?post=9286"}],"version-history":[{"count":1,"href":"https:\/\/unidis.fr\/portail\/wp-json\/wp\/v2\/posts\/9286\/revisions"}],"predecessor-version":[{"id":9287,"href":"https:\/\/unidis.fr\/portail\/wp-json\/wp\/v2\/posts\/9286\/revisions\/9287"}],"wp:featuredmedia":[{"embeddable":true,"href":"https:\/\/unidis.fr\/portail\/wp-json\/wp\/v2\/media\/4848"}],"wp:attachment":[{"href":"https:\/\/unidis.fr\/portail\/wp-json\/wp\/v2\/media?parent=9286"}],"wp:term":[{"taxonomy":"category","embeddable":true,"href":"https:\/\/unidis.fr\/portail\/wp-json\/wp\/v2\/categories?post=9286"},{"taxonomy":"post_tag","embeddable":true,"href":"https:\/\/unidis.fr\/portail\/wp-json\/wp\/v2\/tags?post=9286"}],"curies":[{"name":"wp","href":"https:\/\/api.w.org\/{rel}","templated":true}]}}