{"id":9284,"date":"2025-11-19T18:27:01","date_gmt":"2025-11-19T17:27:01","guid":{"rendered":"https:\/\/unidis.fr\/portail\/?p=9284"},"modified":"2025-11-24T18:28:46","modified_gmt":"2025-11-24T17:28:46","slug":"questions-reponses-sur-le-protocole-de-securite-operations-de-chargement-et-de-dechargement","status":"publish","type":"post","link":"https:\/\/unidis.fr\/portail\/2025\/11\/19\/questions-reponses-sur-le-protocole-de-securite-operations-de-chargement-et-de-dechargement\/","title":{"rendered":"Questions-r\u00e9ponses sur le protocole de s\u00e9curit\u00e9 (op\u00e9rations de chargement et de d\u00e9chargement)"},"content":{"rendered":"<section class=\"wpb-content-wrapper\"><p>[vc_row bg_type=\u00a0\u00bbbg_color\u00a0\u00bb][vc_column parallax=\u00a0\u00bbcontent-moving\u00a0\u00bb][vc_row_inner][vc_column_inner css=\u00a0\u00bb.vc_custom_1549897021118{padding-right: 80px !important;}\u00a0\u00bb][vc_separator color=\u00a0\u00bbcustom\u00a0\u00bb align=\u00a0\u00bbalign_left\u00a0\u00bb border_width=\u00a0\u00bb3&Prime; el_width=\u00a0\u00bb10&Prime; accent_color=\u00a0\u00bb#163e75&Prime;][vc_column_text]<\/p>\n<p style=\"text-align: justify;\">Lorsqu\u2019une entreprise ext\u00e9rieure intervient au sein de votre entreprise pour r\u00e9aliser des op\u00e9rations de chargement ou de d\u00e9chargement, plusieurs mesures de pr\u00e9vention doivent \u00eatre appliqu\u00e9es (<a href=\"https:\/\/www.legifrance.gouv.fr\/codes\/section_lc\/LEGITEXT000006072050\/LEGISCTA000018491658\/#LEGISCTA000018529696\">articles R. 4515-1 \u00e0 R.4515-11 du Code du travail<\/a>).<\/p>\n<p style=\"text-align: justify;\"><strong>Parmi ces obligations, la r\u00e9alisation d\u2019un Protocole de S\u00e9curit\u00e9 (PDS) est essentielle.<\/strong><\/p>\n<p style=\"text-align: justify;\">Pour accompagner les entreprises dans cette d\u00e9marche, l\u2019Unidis met \u00e0 disposition de ses adh\u00e9rents un mod\u00e8le de plan de pr\u00e9vention (<strong>disponible\u00a0<em>via<\/em>\u00a0le lien ci-contre<\/strong>), ainsi que le questions-r\u00e9ponses suivant :<\/p>\n<ul>\n<li style=\"text-align: justify;\">\u00c0 quel moment un protocole de s\u00e9curit\u00e9 (PDS) est-il obligatoire\u00a0? Quelle articulation avec le plan de pr\u00e9vention\u00a0?<\/li>\n<li style=\"text-align: justify;\">Quelle est la forme et le contenu du PDS ?<\/li>\n<li style=\"text-align: justify;\">Combien de PDS faut-il r\u00e9diger ?<\/li>\n<li style=\"text-align: justify;\">Avec qui et comment \u00e9laborer le PDS ?<\/li>\n<li style=\"text-align: justify;\">Qui peut avoir acc\u00e8s au PDS ?<\/li>\n<li style=\"text-align: justify;\">Quelles sont les sanctions potentielles\u00a0?<\/li>\n<\/ul>\n<p>[\/vc_column_text][vc_btn title=\u00a0\u00bbVoir le mod\u00e8le de protocole de s\u00e9curit\u00e9\u00a0\u00bb style=\u00a0\u00bboutline\u00a0\u00bb color=\u00a0\u00bbprimary\u00a0\u00bb i_icon_fontawesome=\u00a0\u00bb\u00a0\u00bb add_icon=\u00a0\u00bbtrue\u00a0\u00bb link=\u00a0\u00bburl:https%3A%2F%2Funidis.fr%2Fportail%2Fdevenir-membre-de-lunidis%2F|target:_blank\u00a0\u00bb][\/vc_column_inner][\/vc_row_inner][vc_empty_space height=\u00a0\u00bb60px\u00a0\u00bb][vc_separator color=\u00a0\u00bbcustom\u00a0\u00bb align=\u00a0\u00bbalign_left\u00a0\u00bb border_width=\u00a0\u00bb3&Prime; el_width=\u00a0\u00bb10&Prime; accent_color=\u00a0\u00bb#163e75&Prime;][\/vc_column][\/vc_row][vc_row][vc_column width=\u00a0\u00bb5\/6&Prime;][vc_custom_heading text=\u00a0\u00bb\u00c0 lire aussi&#8230;\u00a0\u00bb use_theme_fonts=\u00a0\u00bbyes\u00a0\u00bb][vc_masonry_grid post_type=\u00a0\u00bbpost\u00a0\u00bb max_items=\u00a0\u00bb10&Prime; item=\u00a0\u00bb4821&Prime; grid_id=\u00a0\u00bbvc_gid:1764005224753-3808df15-e6ed-10&Prime; taxonomies=\u00a0\u00bb18&Prime;][\/vc_column][vc_column width=\u00a0\u00bb1\/6&Prime;][\/vc_column][\/vc_row]<\/p>\n<\/section>","protected":false},"excerpt":{"rendered":"<p>[vc_row bg_type=\u00a0\u00bbbg_color\u00a0\u00bb][vc_column parallax=\u00a0\u00bbcontent-moving\u00a0\u00bb][vc_row_inner][vc_column_inner css=\u00a0\u00bb.vc_custom_1549897021118{padding-right: 80px !important;}\u00a0\u00bb][vc_separator color=\u00a0\u00bbcustom\u00a0\u00bb align=\u00a0\u00bbalign_left\u00a0\u00bb border_width=\u00a0\u00bb3&Prime; el_width=\u00a0\u00bb10&Prime; accent_color=\u00a0\u00bb#163e75&Prime;][vc_column_text] Lorsqu\u2019une entreprise ext\u00e9rieure intervient au sein de votre entreprise pour r\u00e9aliser des op\u00e9rations de chargement ou de d\u00e9chargement, plusieurs mesures de pr\u00e9vention doivent \u00eatre appliqu\u00e9es (articles R. 4515-1 \u00e0 [&#8230;]<\/p>\n","protected":false},"author":2,"featured_media":7094,"comment_status":"closed","ping_status":"open","sticky":false,"template":"","format":"standard","meta":{"_mi_skip_tracking":false,"_exactmetrics_sitenote_active":false,"_exactmetrics_sitenote_note":"","_exactmetrics_sitenote_category":0,"_monsterinsights_sitenote_active":false,"_monsterinsights_sitenote_note":"","_monsterinsights_sitenote_category":0,"footnotes":""},"categories":[18],"tags":[],"aioseo_notices":[],"_links":{"self":[{"href":"https:\/\/unidis.fr\/portail\/wp-json\/wp\/v2\/posts\/9284"}],"collection":[{"href":"https:\/\/unidis.fr\/portail\/wp-json\/wp\/v2\/posts"}],"about":[{"href":"https:\/\/unidis.fr\/portail\/wp-json\/wp\/v2\/types\/post"}],"author":[{"embeddable":true,"href":"https:\/\/unidis.fr\/portail\/wp-json\/wp\/v2\/users\/2"}],"replies":[{"embeddable":true,"href":"https:\/\/unidis.fr\/portail\/wp-json\/wp\/v2\/comments?post=9284"}],"version-history":[{"count":1,"href":"https:\/\/unidis.fr\/portail\/wp-json\/wp\/v2\/posts\/9284\/revisions"}],"predecessor-version":[{"id":9285,"href":"https:\/\/unidis.fr\/portail\/wp-json\/wp\/v2\/posts\/9284\/revisions\/9285"}],"wp:featuredmedia":[{"embeddable":true,"href":"https:\/\/unidis.fr\/portail\/wp-json\/wp\/v2\/media\/7094"}],"wp:attachment":[{"href":"https:\/\/unidis.fr\/portail\/wp-json\/wp\/v2\/media?parent=9284"}],"wp:term":[{"taxonomy":"category","embeddable":true,"href":"https:\/\/unidis.fr\/portail\/wp-json\/wp\/v2\/categories?post=9284"},{"taxonomy":"post_tag","embeddable":true,"href":"https:\/\/unidis.fr\/portail\/wp-json\/wp\/v2\/tags?post=9284"}],"curies":[{"name":"wp","href":"https:\/\/api.w.org\/{rel}","templated":true}]}}