{"id":9048,"date":"2025-02-21T10:12:56","date_gmt":"2025-02-21T09:12:56","guid":{"rendered":"https:\/\/unidis.fr\/portail\/?p=9048"},"modified":"2025-02-21T10:12:56","modified_gmt":"2025-02-21T09:12:56","slug":"reduction-du-plafond-des-ijss-maladie-a-14-fois-smic-au-1er-avril-2025-quelles-consequences-pratiques","status":"publish","type":"post","link":"https:\/\/unidis.fr\/portail\/2025\/02\/21\/reduction-du-plafond-des-ijss-maladie-a-14-fois-smic-au-1er-avril-2025-quelles-consequences-pratiques\/","title":{"rendered":"R\u00e9duction du plafond des IJSS maladie \u00e0 1,4 fois SMIC au 1er avril 2025 : quelles cons\u00e9quences pratiques ?"},"content":{"rendered":"<section class=\"wpb-content-wrapper\"><p>[vc_row bg_type=\u00a0\u00bbbg_color\u00a0\u00bb][vc_column parallax=\u00a0\u00bbcontent-moving\u00a0\u00bb][vc_row_inner][vc_column_inner css=\u00a0\u00bb.vc_custom_1549897021118{padding-right: 80px !important;}\u00a0\u00bb][vc_separator color=\u00a0\u00bbcustom\u00a0\u00bb align=\u00a0\u00bbalign_left\u00a0\u00bb border_width=\u00a0\u00bb3&Prime; el_width=\u00a0\u00bb10&Prime; accent_color=\u00a0\u00bb#163e75&Prime;][vc_column_text]<\/p>\n<p class=\"texte\" style=\"text-align: justify;\">Le 29 octobre 2024, le gouvernement annon\u00e7ait son intention de r\u00e9duire de 1,8 \u00e0 1,4 fois du SMIC la limite des salaires pris en compte pour le revenu d\u2019activit\u00e9 ant\u00e9rieur \u00e0 partir duquel sont calcul\u00e9es les indemnit\u00e9s journali\u00e8res de s\u00e9curit\u00e9 sociale (IJSS) de maladie non professionnelle<em>.<\/em><\/p>\n<p style=\"text-align: justify;\">Cette r\u00e9forme est d\u00e9sormais officielle avec la publication <a href=\"https:\/\/www.legifrance.gouv.fr\/jorf\/id\/JORFTEXT000051223695\">du d\u00e9cret n\u00b0 2025-160 du 20 f\u00e9vrier 2025 au journal officiel de ce jour<\/a> qui entrera en vigueur le<strong> 1er avril 2025<\/strong>.<\/p>\n<p style=\"text-align: justify;\">Concr\u00e8tement, la baisse du montant de l\u2019IJSS maladie entra\u00eenera des cons\u00e9quences importantes pour les employeurs, notamment (voir la suite sur le site extranet de l&rsquo;Unidis).<\/p>\n<p>[\/vc_column_text][vc_btn title=\u00a0\u00bbAdh\u00e9rer \u00e0 l&rsquo;Unidis\u00a0\u00bb style=\u00a0\u00bboutline\u00a0\u00bb color=\u00a0\u00bbprimary\u00a0\u00bb i_icon_fontawesome=\u00a0\u00bb\u00a0\u00bb add_icon=\u00a0\u00bbtrue\u00a0\u00bb link=\u00a0\u00bburl:https%3A%2F%2Funidis.fr%2Fportail%2Fdevenir-membre-de-lunidis%2F|target:_blank\u00a0\u00bb][\/vc_column_inner][\/vc_row_inner][vc_empty_space height=\u00a0\u00bb60px\u00a0\u00bb][vc_separator color=\u00a0\u00bbcustom\u00a0\u00bb align=\u00a0\u00bbalign_left\u00a0\u00bb border_width=\u00a0\u00bb3&Prime; el_width=\u00a0\u00bb10&Prime; accent_color=\u00a0\u00bb#163e75&Prime;][\/vc_column][\/vc_row][vc_row][vc_column width=\u00a0\u00bb5\/6&Prime;][vc_custom_heading text=\u00a0\u00bb\u00c0 lire aussi&#8230;\u00a0\u00bb use_theme_fonts=\u00a0\u00bbyes\u00a0\u00bb][vc_masonry_grid post_type=\u00a0\u00bbpost\u00a0\u00bb max_items=\u00a0\u00bb10&Prime; item=\u00a0\u00bb4821&Prime; grid_id=\u00a0\u00bbvc_gid:1740129089782-9f072635-8c6a-7&Prime; taxonomies=\u00a0\u00bb18&Prime;][\/vc_column][vc_column width=\u00a0\u00bb1\/6&Prime;][\/vc_column][\/vc_row]<\/p>\n<\/section>","protected":false},"excerpt":{"rendered":"<p>[vc_row bg_type=\u00a0\u00bbbg_color\u00a0\u00bb][vc_column parallax=\u00a0\u00bbcontent-moving\u00a0\u00bb][vc_row_inner][vc_column_inner css=\u00a0\u00bb.vc_custom_1549897021118{padding-right: 80px !important;}\u00a0\u00bb][vc_separator color=\u00a0\u00bbcustom\u00a0\u00bb align=\u00a0\u00bbalign_left\u00a0\u00bb border_width=\u00a0\u00bb3&Prime; el_width=\u00a0\u00bb10&Prime; accent_color=\u00a0\u00bb#163e75&Prime;][vc_column_text] Le 29 octobre 2024, le gouvernement annon\u00e7ait son intention de r\u00e9duire de 1,8 \u00e0 1,4 fois du SMIC la limite des salaires pris en compte pour le revenu d\u2019activit\u00e9 [&#8230;]<\/p>\n","protected":false},"author":2,"featured_media":4848,"comment_status":"closed","ping_status":"open","sticky":false,"template":"","format":"standard","meta":{"_mi_skip_tracking":false,"_exactmetrics_sitenote_active":false,"_exactmetrics_sitenote_note":"","_exactmetrics_sitenote_category":0,"_monsterinsights_sitenote_active":false,"_monsterinsights_sitenote_note":"","_monsterinsights_sitenote_category":0,"footnotes":""},"categories":[18],"tags":[],"aioseo_notices":[],"_links":{"self":[{"href":"https:\/\/unidis.fr\/portail\/wp-json\/wp\/v2\/posts\/9048"}],"collection":[{"href":"https:\/\/unidis.fr\/portail\/wp-json\/wp\/v2\/posts"}],"about":[{"href":"https:\/\/unidis.fr\/portail\/wp-json\/wp\/v2\/types\/post"}],"author":[{"embeddable":true,"href":"https:\/\/unidis.fr\/portail\/wp-json\/wp\/v2\/users\/2"}],"replies":[{"embeddable":true,"href":"https:\/\/unidis.fr\/portail\/wp-json\/wp\/v2\/comments?post=9048"}],"version-history":[{"count":1,"href":"https:\/\/unidis.fr\/portail\/wp-json\/wp\/v2\/posts\/9048\/revisions"}],"predecessor-version":[{"id":9049,"href":"https:\/\/unidis.fr\/portail\/wp-json\/wp\/v2\/posts\/9048\/revisions\/9049"}],"wp:featuredmedia":[{"embeddable":true,"href":"https:\/\/unidis.fr\/portail\/wp-json\/wp\/v2\/media\/4848"}],"wp:attachment":[{"href":"https:\/\/unidis.fr\/portail\/wp-json\/wp\/v2\/media?parent=9048"}],"wp:term":[{"taxonomy":"category","embeddable":true,"href":"https:\/\/unidis.fr\/portail\/wp-json\/wp\/v2\/categories?post=9048"},{"taxonomy":"post_tag","embeddable":true,"href":"https:\/\/unidis.fr\/portail\/wp-json\/wp\/v2\/tags?post=9048"}],"curies":[{"name":"wp","href":"https:\/\/api.w.org\/{rel}","templated":true}]}}