{"id":9046,"date":"2025-02-20T14:17:46","date_gmt":"2025-02-20T13:17:46","guid":{"rendered":"https:\/\/unidis.fr\/portail\/?p=9046"},"modified":"2025-02-21T10:11:08","modified_gmt":"2025-02-21T09:11:08","slug":"signature-des-nouveaux-minima-conventionnels-de-branche-2025-et-mise-a-jour-de-la-convention-collective","status":"publish","type":"post","link":"https:\/\/unidis.fr\/portail\/2025\/02\/20\/signature-des-nouveaux-minima-conventionnels-de-branche-2025-et-mise-a-jour-de-la-convention-collective\/","title":{"rendered":"Signature des nouveaux minima conventionnels de branche 2025 et mise \u00e0 jour de la convention collective"},"content":{"rendered":"<section class=\"wpb-content-wrapper\"><p>[vc_row bg_type=\u00a0\u00bbbg_color\u00a0\u00bb][vc_column parallax=\u00a0\u00bbcontent-moving\u00a0\u00bb][vc_row_inner][vc_column_inner css=\u00a0\u00bb.vc_custom_1549897021118{padding-right: 80px !important;}\u00a0\u00bb][vc_separator color=\u00a0\u00bbcustom\u00a0\u00bb align=\u00a0\u00bbalign_left\u00a0\u00bb border_width=\u00a0\u00bb3&Prime; el_width=\u00a0\u00bb10&Prime; accent_color=\u00a0\u00bb#163e75&Prime;][vc_column_text]<\/p>\n<p style=\"text-align: justify;\">La n\u00e9gociation des minima conventionnels pour l\u2019ann\u00e9e 2025 s\u2019est achev\u00e9e sur la conclusion de plusieurs accords relatifs \u00e0 la revalorisation des minima et primes de branche applicables r\u00e9troactivement au 1er janvier 2025 pr\u00e9voyant des revalorisations de 1,7 % \u00e0 2 % selon les coefficients.<\/p>\n<p style=\"text-align: justify;\">D\u2019autre part, afin d\u2019\u00e9viter toute erreur dans l\u2019application de la convention collective papiers cartons (IDCC 3238), un accord de mise \u00e0 jour a \u00e9galement \u00e9t\u00e9 sign\u00e9. Il vise essentiellement \u00e0 retrancher les dispositions conventionnelles obsol\u00e8tes suivantes :<\/p>\n<ul>\n<li style=\"text-align: justify;\">La majoration de 25 % de l\u2019indemnit\u00e9 conventionnelle de licenciement ;<\/li>\n<li style=\"text-align: justify;\">L\u2019acquisition de cong\u00e9s pay\u00e9s pendant un arr\u00eat maladie limit\u00e9 \u00e0 3 mois.<\/li>\n<\/ul>\n<p style=\"text-align: justify;\">Retrouvez le d\u00e9tail et l&rsquo;explication de ces nouveaut\u00e9s sur le site de l&rsquo;UNIDIS (r\u00e9serv\u00e9 aux adh\u00e9rents).<\/p>\n<p>[\/vc_column_text][vc_btn title=\u00a0\u00bbT\u00e9l\u00e9charger les accords sign\u00e9s (Extranet de l&rsquo;Unidis)\u00a0\u00bb style=\u00a0\u00bboutline\u00a0\u00bb color=\u00a0\u00bbprimary\u00a0\u00bb i_icon_fontawesome=\u00a0\u00bb\u00a0\u00bb add_icon=\u00a0\u00bbtrue\u00a0\u00bb link=\u00a0\u00bburl:https%3A%2F%2Funidis.fr%2Fportail%2Fdevenir-membre-de-lunidis%2F||target:%20_blank|\u00a0\u00bb][\/vc_column_inner][\/vc_row_inner][vc_empty_space height=\u00a0\u00bb60px\u00a0\u00bb][vc_separator color=\u00a0\u00bbcustom\u00a0\u00bb align=\u00a0\u00bbalign_left\u00a0\u00bb border_width=\u00a0\u00bb3&Prime; el_width=\u00a0\u00bb10&Prime; accent_color=\u00a0\u00bb#163e75&Prime;][\/vc_column][\/vc_row][vc_row][vc_column width=\u00a0\u00bb5\/6&Prime;][vc_custom_heading text=\u00a0\u00bb\u00c0 lire aussi&#8230;\u00a0\u00bb use_theme_fonts=\u00a0\u00bbyes\u00a0\u00bb][vc_masonry_grid post_type=\u00a0\u00bbpost\u00a0\u00bb max_items=\u00a0\u00bb10&Prime; item=\u00a0\u00bb4821&Prime; grid_id=\u00a0\u00bbvc_gid:1740057349825-7a1d992d-baaf-7&Prime; taxonomies=\u00a0\u00bb18&Prime;][\/vc_column][vc_column width=\u00a0\u00bb1\/6&Prime;][\/vc_column][\/vc_row]<\/p>\n<\/section>","protected":false},"excerpt":{"rendered":"<p>[vc_row bg_type=\u00a0\u00bbbg_color\u00a0\u00bb][vc_column parallax=\u00a0\u00bbcontent-moving\u00a0\u00bb][vc_row_inner][vc_column_inner css=\u00a0\u00bb.vc_custom_1549897021118{padding-right: 80px !important;}\u00a0\u00bb][vc_separator color=\u00a0\u00bbcustom\u00a0\u00bb align=\u00a0\u00bbalign_left\u00a0\u00bb border_width=\u00a0\u00bb3&Prime; el_width=\u00a0\u00bb10&Prime; accent_color=\u00a0\u00bb#163e75&Prime;][vc_column_text] La n\u00e9gociation des minima conventionnels pour l\u2019ann\u00e9e 2025 s\u2019est achev\u00e9e sur la conclusion de plusieurs accords relatifs \u00e0 la revalorisation des minima et primes de branche applicables r\u00e9troactivement au [&#8230;]<\/p>\n","protected":false},"author":2,"featured_media":7878,"comment_status":"closed","ping_status":"open","sticky":false,"template":"","format":"standard","meta":{"_mi_skip_tracking":false,"_exactmetrics_sitenote_active":false,"_exactmetrics_sitenote_note":"","_exactmetrics_sitenote_category":0,"_monsterinsights_sitenote_active":false,"_monsterinsights_sitenote_note":"","_monsterinsights_sitenote_category":0,"footnotes":""},"categories":[18],"tags":[],"aioseo_notices":[],"_links":{"self":[{"href":"https:\/\/unidis.fr\/portail\/wp-json\/wp\/v2\/posts\/9046"}],"collection":[{"href":"https:\/\/unidis.fr\/portail\/wp-json\/wp\/v2\/posts"}],"about":[{"href":"https:\/\/unidis.fr\/portail\/wp-json\/wp\/v2\/types\/post"}],"author":[{"embeddable":true,"href":"https:\/\/unidis.fr\/portail\/wp-json\/wp\/v2\/users\/2"}],"replies":[{"embeddable":true,"href":"https:\/\/unidis.fr\/portail\/wp-json\/wp\/v2\/comments?post=9046"}],"version-history":[{"count":1,"href":"https:\/\/unidis.fr\/portail\/wp-json\/wp\/v2\/posts\/9046\/revisions"}],"predecessor-version":[{"id":9047,"href":"https:\/\/unidis.fr\/portail\/wp-json\/wp\/v2\/posts\/9046\/revisions\/9047"}],"wp:featuredmedia":[{"embeddable":true,"href":"https:\/\/unidis.fr\/portail\/wp-json\/wp\/v2\/media\/7878"}],"wp:attachment":[{"href":"https:\/\/unidis.fr\/portail\/wp-json\/wp\/v2\/media?parent=9046"}],"wp:term":[{"taxonomy":"category","embeddable":true,"href":"https:\/\/unidis.fr\/portail\/wp-json\/wp\/v2\/categories?post=9046"},{"taxonomy":"post_tag","embeddable":true,"href":"https:\/\/unidis.fr\/portail\/wp-json\/wp\/v2\/tags?post=9046"}],"curies":[{"name":"wp","href":"https:\/\/api.w.org\/{rel}","templated":true}]}}