{"id":8817,"date":"2024-04-05T09:30:47","date_gmt":"2024-04-05T07:30:47","guid":{"rendered":"https:\/\/unidis.fr\/portail\/?p=8817"},"modified":"2024-04-05T09:32:05","modified_gmt":"2024-04-05T07:32:05","slug":"financement-de-la-formation-des-salaries-lunidis-obtient-1-million-deuros-pour-les-entreprises-en-difficultes","status":"publish","type":"post","link":"https:\/\/unidis.fr\/portail\/2024\/04\/05\/financement-de-la-formation-des-salaries-lunidis-obtient-1-million-deuros-pour-les-entreprises-en-difficultes\/","title":{"rendered":"Financement de la formation des salari\u00e9s : L\u2019Unidis obtient 1 million d\u2019euros pour les entreprises en difficult\u00e9s"},"content":{"rendered":"<section class=\"wpb-content-wrapper\"><p>[vc_row bg_type=\u00a0\u00bbbg_color\u00a0\u00bb][vc_column parallax=\u00a0\u00bbcontent-moving\u00a0\u00bb][vc_row_inner][vc_column_inner css=\u00a0\u00bb.vc_custom_1549897021118{padding-right: 80px !important;}\u00a0\u00bb][vc_separator color=\u00a0\u00bbcustom\u00a0\u00bb align=\u00a0\u00bbalign_left\u00a0\u00bb border_width=\u00a0\u00bb3&Prime; el_width=\u00a0\u00bb10&Prime; accent_color=\u00a0\u00bb#163e75&Prime;][vc_column_text]<\/p>\n<p style=\"text-align: justify;\"><strong>Afin d\u2019accompagner les entreprises confront\u00e9es \u00e0 de graves difficult\u00e9s \u00e9conomiques conjoncturelles (baisse de CA, activit\u00e9 partielle\u2026) et devant s\u2019adapter rapidement aux diverses mutations, l\u2019Unidis a sign\u00e9, avec les partenaires sociaux (FO, CFE-CGC et CGT) le 1<sup>ier<\/sup>\u00a0d\u00e9cembre 2022, un accord de branche visant \u00e0 faciliter la prise en charge financi\u00e8re des formations professionnelles des salari\u00e9s<\/strong> <strong><em>(<a href=\"https:\/\/unidis.fr\/portail\/devenir-membre-de-lunidis\/\">t\u00e9l\u00e9charger l\u2019accord mesures d\u2019urgence<\/a>).<\/em><\/strong><\/p>\n<p style=\"text-align: justify;\">Applicable d\u00e8s 2023 et pour une dur\u00e9e de deux ans, cet accord est donc confirm\u00e9 pour 2024 avec un budget de 1 million d\u2019euros disponible pour les entreprises de l\u2019industrie papier carton.<\/p>\n<p style=\"text-align: justify;\">Pour rappel, il vise prioritairement les actions de formation visant l\u2019obtention d\u2019un certificat de qualification professionnel ou de comp\u00e9tence professionnelle (CQP, CQPI, CCP et CCPI)\u00a0et notamment :<\/p>\n<ul style=\"text-align: justify;\">\n<li>Les actions de formation c\u0153ur de m\u00e9tier\u00a0: conduite d\u2019installations industrielles, maintenance, animation d\u2019\u00e9quipe, logistique \u2026\u00a0;<\/li>\n<li>Les actions de formation QHSE et RSE.<\/li>\n<\/ul>\n<p style=\"text-align: justify;\">Les entreprises ayant d\u00e9j\u00e0 b\u00e9n\u00e9fici\u00e9 de financement au titre des mesures d\u2019urgence et\/ou dont la formation d\u00e9bute plus de 3 mois apr\u00e8s la demande ne seront pas prioritaires.<\/p>\n<p style=\"text-align: justify;\">La prise en charge par l\u2019OPCO 2i concerne uniquement les co\u00fbts p\u00e9dagogiques \u00e0 hauteur de :<\/p>\n<ul style=\"text-align: justify;\">\n<li>100 % pour les entreprises de moins de 50 salari\u00e9s\u00a0;<\/li>\n<li>70 % pour les entreprises de 50 salari\u00e9s et plus.<\/li>\n<\/ul>\n<p style=\"text-align: justify;\"><strong>Pour plus d\u2019information sur les actions de formation concern\u00e9es, les montants de prise en charge et les conditions d\u2019octroi contactez l\u2019OPCO2I ou votre AR2I en r\u00e9gion.<\/strong><\/p>\n<p>[\/vc_column_text][vc_btn title=\u00a0\u00bbVoir la suite de l&rsquo;article (Extranet de l&rsquo;Unidis)\u00a0\u00bb style=\u00a0\u00bboutline\u00a0\u00bb color=\u00a0\u00bbprimary\u00a0\u00bb i_icon_fontawesome=\u00a0\u00bbfa fa-lock\u00a0\u00bb add_icon=\u00a0\u00bbtrue\u00a0\u00bb link=\u00a0\u00bburl:https%3A%2F%2Funidis.fr%2Fportail%2Fdevenir-membre-de-lunidis%2F||target:%20_blank|\u00a0\u00bb][\/vc_column_inner][\/vc_row_inner][vc_empty_space height=\u00a0\u00bb60px\u00a0\u00bb][vc_separator color=\u00a0\u00bbcustom\u00a0\u00bb align=\u00a0\u00bbalign_left\u00a0\u00bb border_width=\u00a0\u00bb3&Prime; el_width=\u00a0\u00bb10&Prime; accent_color=\u00a0\u00bb#163e75&Prime;][\/vc_column][\/vc_row][vc_row][vc_column width=\u00a0\u00bb5\/6&Prime;][vc_custom_heading text=\u00a0\u00bb\u00c0 lire aussi&#8230;\u00a0\u00bb use_theme_fonts=\u00a0\u00bbyes\u00a0\u00bb][vc_masonry_grid post_type=\u00a0\u00bbpost\u00a0\u00bb max_items=\u00a0\u00bb10&Prime; item=\u00a0\u00bb4821&Prime; grid_id=\u00a0\u00bbvc_gid:1712302271936-50f92e4f-2810-8&Prime; taxonomies=\u00a0\u00bb18&Prime;][\/vc_column][vc_column width=\u00a0\u00bb1\/6&Prime;][\/vc_column][\/vc_row]<\/p>\n<\/section>","protected":false},"excerpt":{"rendered":"<p>[vc_row bg_type=\u00a0\u00bbbg_color\u00a0\u00bb][vc_column parallax=\u00a0\u00bbcontent-moving\u00a0\u00bb][vc_row_inner][vc_column_inner css=\u00a0\u00bb.vc_custom_1549897021118{padding-right: 80px !important;}\u00a0\u00bb][vc_separator color=\u00a0\u00bbcustom\u00a0\u00bb align=\u00a0\u00bbalign_left\u00a0\u00bb border_width=\u00a0\u00bb3&Prime; el_width=\u00a0\u00bb10&Prime; accent_color=\u00a0\u00bb#163e75&Prime;][vc_column_text] Afin d\u2019accompagner les entreprises confront\u00e9es \u00e0 de graves difficult\u00e9s \u00e9conomiques conjoncturelles (baisse de CA, activit\u00e9 partielle\u2026) et devant s\u2019adapter rapidement aux diverses mutations, l\u2019Unidis a sign\u00e9, avec les partenaires [&#8230;]<\/p>\n","protected":false},"author":2,"featured_media":7878,"comment_status":"closed","ping_status":"open","sticky":false,"template":"","format":"standard","meta":{"_mi_skip_tracking":false,"_exactmetrics_sitenote_active":false,"_exactmetrics_sitenote_note":"","_exactmetrics_sitenote_category":0,"_monsterinsights_sitenote_active":false,"_monsterinsights_sitenote_note":"","_monsterinsights_sitenote_category":0,"footnotes":""},"categories":[18],"tags":[],"aioseo_notices":[],"_links":{"self":[{"href":"https:\/\/unidis.fr\/portail\/wp-json\/wp\/v2\/posts\/8817"}],"collection":[{"href":"https:\/\/unidis.fr\/portail\/wp-json\/wp\/v2\/posts"}],"about":[{"href":"https:\/\/unidis.fr\/portail\/wp-json\/wp\/v2\/types\/post"}],"author":[{"embeddable":true,"href":"https:\/\/unidis.fr\/portail\/wp-json\/wp\/v2\/users\/2"}],"replies":[{"embeddable":true,"href":"https:\/\/unidis.fr\/portail\/wp-json\/wp\/v2\/comments?post=8817"}],"version-history":[{"count":2,"href":"https:\/\/unidis.fr\/portail\/wp-json\/wp\/v2\/posts\/8817\/revisions"}],"predecessor-version":[{"id":8819,"href":"https:\/\/unidis.fr\/portail\/wp-json\/wp\/v2\/posts\/8817\/revisions\/8819"}],"wp:featuredmedia":[{"embeddable":true,"href":"https:\/\/unidis.fr\/portail\/wp-json\/wp\/v2\/media\/7878"}],"wp:attachment":[{"href":"https:\/\/unidis.fr\/portail\/wp-json\/wp\/v2\/media?parent=8817"}],"wp:term":[{"taxonomy":"category","embeddable":true,"href":"https:\/\/unidis.fr\/portail\/wp-json\/wp\/v2\/categories?post=8817"},{"taxonomy":"post_tag","embeddable":true,"href":"https:\/\/unidis.fr\/portail\/wp-json\/wp\/v2\/tags?post=8817"}],"curies":[{"name":"wp","href":"https:\/\/api.w.org\/{rel}","templated":true}]}}